{"id":1632,"date":"2025-09-01T21:01:34","date_gmt":"2025-09-01T19:01:34","guid":{"rendered":"https:\/\/mic-rena.org\/?p=1632"},"modified":"2025-09-01T21:01:34","modified_gmt":"2025-09-01T19:01:34","slug":"booster-la-foi-par-la-connaissance-et-la-comprehension-de-la-parole-de-dieu-partie-4","status":"publish","type":"post","link":"https:\/\/mic-rena.org\/en\/booster-la-foi-par-la-connaissance-et-la-comprehension-de-la-parole-de-dieu-partie-4\/","title":{"rendered":"Booster la Foi par la Connaissance et la Compr\u00e9hension de la Parole de Dieu \u2013 Partie 4"},"content":{"rendered":"<h2 class=\"wp-block-heading\">Construire une Foi Chr\u00e9tienne Forte<\/h2>\n\n\n\n<p>Booster la foi implique la connaissance et la compr\u00e9hension de la Parole de Dieu.<br>La foi chr\u00e9tienne se construit. Bien construite, elle peut d\u00e9placer les montagnes. Elle est bien plus qu\u2019une simple croyance intellectuelle ou une adh\u00e9sion \u00e0 un ensemble de doctrines ; elle est cette confiance absolue en Dieu et en J\u00e9sus Christ, un alignement aux commandements, prescriptions, ordonnance et loi de Dieu.<\/p>\n\n\n\n<p>Dans cette quatri\u00e8me partie, nous allons aborder la question suivante : <strong>Comment la Parole de Dieu s\u2019articule-t-elle avec les autres piliers essentiels de la foi chr\u00e9tienne ?<\/strong><\/p>\n\n\n\n<hr class=\"wp-block-separator has-alpha-channel-opacity\"\/>\n\n\n\n<h2 class=\"wp-block-heading\">L\u2019articulation de la Parole avec les piliers de la foi chr\u00e9tienne<\/h2>\n\n\n\n<p>La Parole de Dieu s\u2019articule avec les autres piliers essentiels de la foi chr\u00e9tienne, \u00e0 savoir :<\/p>\n\n\n\n<ul class=\"wp-block-list\">\n<li>La m\u00e9ditation quotidienne de la Parole de Dieu<\/li>\n\n\n\n<li>La mise en pratique de la Parole de Dieu<\/li>\n\n\n\n<li>L\u2019annonce de l\u2019\u00c9vangile<\/li>\n\n\n\n<li>La pri\u00e8re incessante<\/li>\n\n\n\n<li>Le je\u00fbne r\u00e9gulier<\/li>\n<\/ul>\n\n\n\n<h3 class=\"wp-block-heading\">La m\u00e9ditation quotidienne de la Parole<\/h3>\n\n\n\n<p>La m\u00e9ditation quotidienne nourrit et approfondit notre compr\u00e9hension de la Parole, nous permettant de La vivre concr\u00e8tement au quotidien. Elle nous rend semblables \u00e0 cet arbre plant\u00e9 pr\u00e8s des cours d\u2019eau, qui n\u2019est pas affect\u00e9 par le d\u00e9sert environnant ni par la chaleur accablante (Psaume 1 :2-3) ;<\/p>\n\n\n\n<h3 class=\"wp-block-heading\">La mise en pratique de la Parole<\/h3>\n\n\n\n<p>La Parole de Dieu n\u2019a d\u2019effet sur le croyant que lorsqu\u2019il La met en pratique. Jacques 1 :22 nous interpelle :<br><em>&#8220;Mettez en pratique la parole, et ne vous contentez pas de l\u2019\u00e9couter, en vous trompant vous-m\u00eames par de faux raisonnements.&#8221;<\/em><br>Mettre en pratique la Parole de Dieu est une source de foi agissante et un indicateur de notre appartenance \u00e0 J\u00e9sus-Christ.<\/p>\n\n\n\n<h3 class=\"wp-block-heading\">L\u2019annonce de l\u2019\u00c9vangile<\/h3>\n\n\n\n<p>Le t\u00e9moignage et l\u2019annonce de la Parole permet de toucher les c\u0153urs et de renforcer la p\u00e9n\u00e9tration de la Parole par les enseignements qui en d\u00e9coulent.<\/p>\n\n\n\n<h3 class=\"wp-block-heading\">La pri\u00e8re incessante<\/h3>\n\n\n\n<p>La pri\u00e8re et la Parole sont intimement li\u00e9es : la Parole est le fondement sur lequel s\u2019appuient les pri\u00e8res, d\u00e9finissant obstacles et conditions pour \u00eatre exauc\u00e9 (\u00c9sa\u00efe 59 :1-3 ; Jean 9 :31 ; Jacques 4 :3 ; 5 :15-16).<\/p>\n\n\n\n<h3 class=\"wp-block-heading\">Le je\u00fbne<\/h3>\n\n\n\n<p>Le je\u00fbne renforce notre d\u00e9pendance \u00e0 la Parole, aff\u00fbte notre \u00e9coute et notre compr\u00e9hension, comme le rappelle Matthieu 4 :4 :<br><em>&#8220;L\u2019homme ne vivra pas de pain seulement, mais de toute parole qui sort de la bouche de Dieu.&#8221;<\/em><\/p>\n\n\n\n<hr class=\"wp-block-separator has-alpha-channel-opacity\"\/>\n\n\n\n<h2 class=\"wp-block-heading\">A.6. B\u00e2tir une foi solide par la connaissance et la compr\u00e9hension de la Parole de Dieu<\/h2>\n\n\n\n<p>La connaissance et la compr\u00e9hension de la Parole sont deux piliers distincts mais compl\u00e9mentaires permettant de b\u00e2tir une foi chr\u00e9tienne solide, capable de &#8220;d\u00e9placer les montagnes&#8221; (Matthieu 17 :20).<\/p>\n\n\n\n<h3 class=\"wp-block-heading\">La connaissance<\/h3>\n\n\n\n<p>La connaissance constitue la base : lire, entendre, m\u00e9moriser les enseignements bibliques (Romains 10 :17). Elle r\u00e9v\u00e8le le caract\u00e8re de Dieu, Ses promesses et Sa volont\u00e9 pour nos vies.<\/p>\n\n\n\n<h3 class=\"wp-block-heading\">La compr\u00e9hension<\/h3>\n\n\n\n<p>Comprendre la Parole, c\u2019est recevoir une r\u00e9v\u00e9lation int\u00e9rieure gr\u00e2ce au Saint-Esprit. Cela permet :<\/p>\n\n\n\n<ul class=\"wp-block-list\">\n<li>D\u2019appliquer la Parole avec sagesse<\/li>\n\n\n\n<li>De discerner la volont\u00e9 de Dieu<\/li>\n\n\n\n<li>D\u2019induire une foi vivante et puissante<\/li>\n<\/ul>\n\n\n\n<hr class=\"wp-block-separator has-alpha-channel-opacity\"\/>\n\n\n\n<h2 class=\"wp-block-heading\">A.7. Conseils pratiques<\/h2>\n\n\n\n<h3 class=\"wp-block-heading\">Lire la Parole quotidiennement<\/h3>\n\n\n\n<p>Pr\u00e9voir un moment quotidien pour lire la Bible, suivre un plan de lecture, m\u00e9diter sur les versets, et prendre des notes dans un carnet de m\u00e9ditation. (Josu\u00e9 1 :8)<\/p>\n\n\n\n<h3 class=\"wp-block-heading\">M\u00e9diter sur la Parole<\/h3>\n\n\n\n<p>R\u00e9fl\u00e9chir sur le message divin, l\u2019approprier et appliquer les enseignements re\u00e7us dans la vie quotidienne. (Psaume 1 :2-3)<\/p>\n\n\n\n<h3 class=\"wp-block-heading\">Prier avant, pendant et apr\u00e8s la lecture<\/h3>\n\n\n\n<p>Demander \u00e0 Dieu l\u2019aide de l\u2019Esprit Saint pour comprendre et appliquer la Parole (Jean 16 :7-14 ; Luc 24 :45).<\/p>\n\n\n\n<h3 class=\"wp-block-heading\">\u00c9tudier avec d\u2019autres croyants<\/h3>\n\n\n\n<p>Rejoindre un groupe d\u2019\u00e9tude biblique pour b\u00e9n\u00e9ficier de perspectives vari\u00e9es et partager les enseignements. (Proverbes 27 :17)<\/p>\n\n\n\n<h3 class=\"wp-block-heading\">Utiliser des ressources fiables<\/h3>\n\n\n\n<p>Commentaires bibliques, dictionnaires, ouvrages reconnus pour approfondir la compr\u00e9hension et \u00e9viter les interpr\u00e9tations erron\u00e9es. (Actes 17 :11)<\/p>\n\n\n\n<h3 class=\"wp-block-heading\">Mettre en pratique la Parole<\/h3>\n\n\n\n<p>V\u00e9rifier r\u00e9guli\u00e8rement que sa vie est align\u00e9e aux enseignements bibliques. (Jacques 1 :22 ; Marc 6 :4)<\/p>\n\n\n\n<h3 class=\"wp-block-heading\">Pers\u00e9v\u00e9rer et rester humble<\/h3>\n\n\n\n<p>La compr\u00e9hension des \u00c9critures est un apprentissage constant, n\u00e9cessitant discipline, patience et pri\u00e8re. (Proverbes 2 :6)<\/p>\n\n\n\n<hr class=\"wp-block-separator has-alpha-channel-opacity\"\/>\n\n\n\n<h2 class=\"wp-block-heading\">Conclusion<\/h2>\n\n\n\n<p>La connaissance et la compr\u00e9hension de la Parole de Dieu permettent de conna\u00eetre le seul vrai Dieu et J\u00e9sus Christ, condition indispensable pour acc\u00e9der \u00e0 la vie \u00e9ternelle. (Jean 17 :3)<\/p>","protected":false},"excerpt":{"rendered":"<p>Construire une Foi Chr\u00e9tienne Forte Booster la foi implique la connaissance et la compr\u00e9hension de la Parole de Dieu.La foi chr\u00e9tienne se construit&#8230;.<\/p>","protected":false},"author":1,"featured_media":1633,"comment_status":"open","ping_status":"open","sticky":false,"template":"","format":"standard","meta":{"_EventAllDay":false,"_EventTimezone":"","_EventStartDate":"","_EventEndDate":"","_EventStartDateUTC":"","_EventEndDateUTC":"","_EventShowMap":false,"_EventShowMapLink":false,"_EventURL":"","_EventCost":"","_EventCostDescription":"","_EventCurrencySymbol":"","_EventCurrencyCode":"","_EventCurrencyPosition":"","_EventDateTimeSeparator":"","_EventTimeRangeSeparator":"","_EventOrganizerID":[],"_EventVenueID":[],"_OrganizerEmail":"","_OrganizerPhone":"","_OrganizerWebsite":"","_VenueAddress":"","_VenueCity":"","_VenueCountry":"","_VenueProvince":"","_VenueState":"","_VenueZip":"","_VenuePhone":"","_VenueURL":"","_VenueStateProvince":"","_VenueLat":"","_VenueLng":"","_VenueShowMap":false,"_VenueShowMapLink":false,"_kadence_starter_templates_imported_post":false,"_kad_post_transparent":"","_kad_post_title":"","_kad_post_layout":"","_kad_post_sidebar_id":"","_kad_post_content_style":"","_kad_post_vertical_padding":"","_kad_post_feature":"","_kad_post_feature_position":"","_kad_post_header":false,"_kad_post_footer":false,"footnotes":""},"categories":[39,12],"tags":[46,44,40,45,17,43,41,20,29,42],"class_list":["post-1632","post","type-post","status-publish","format-standard","has-post-thumbnail","hentry","category-foi","category-vie-chretienne-enseignement-biblique","tag-comprehension-de-la-bible","tag-croissance-spirituelle","tag-enseignement-biblique","tag-etude-biblique","tag-foi-chretienne","tag-jeune","tag-meditation-biblique","tag-parole-de-dieu","tag-priere","tag-vie-chretienne"],"_links":{"self":[{"href":"https:\/\/mic-rena.org\/en\/wp-json\/wp\/v2\/posts\/1632","targetHints":{"allow":["GET"]}}],"collection":[{"href":"https:\/\/mic-rena.org\/en\/wp-json\/wp\/v2\/posts"}],"about":[{"href":"https:\/\/mic-rena.org\/en\/wp-json\/wp\/v2\/types\/post"}],"author":[{"embeddable":true,"href":"https:\/\/mic-rena.org\/en\/wp-json\/wp\/v2\/users\/1"}],"replies":[{"embeddable":true,"href":"https:\/\/mic-rena.org\/en\/wp-json\/wp\/v2\/comments?post=1632"}],"version-history":[{"count":1,"href":"https:\/\/mic-rena.org\/en\/wp-json\/wp\/v2\/posts\/1632\/revisions"}],"predecessor-version":[{"id":1634,"href":"https:\/\/mic-rena.org\/en\/wp-json\/wp\/v2\/posts\/1632\/revisions\/1634"}],"wp:featuredmedia":[{"embeddable":true,"href":"https:\/\/mic-rena.org\/en\/wp-json\/wp\/v2\/media\/1633"}],"wp:attachment":[{"href":"https:\/\/mic-rena.org\/en\/wp-json\/wp\/v2\/media?parent=1632"}],"wp:term":[{"taxonomy":"category","embeddable":true,"href":"https:\/\/mic-rena.org\/en\/wp-json\/wp\/v2\/categories?post=1632"},{"taxonomy":"post_tag","embeddable":true,"href":"https:\/\/mic-rena.org\/en\/wp-json\/wp\/v2\/tags?post=1632"}],"curies":[{"name":"wp","href":"https:\/\/api.w.org\/{rel}","templated":true}]}}